{"id":253,"date":"2026-01-28T07:08:02","date_gmt":"2026-01-28T07:08:02","guid":{"rendered":"https:\/\/gruposeomkt.com.br\/blog\/depilacao-a-laser-femininamasculina\/"},"modified":"2026-02-18T19:33:33","modified_gmt":"2026-02-18T19:33:33","slug":"depilacao-a-laser-femininamasculina","status":"publish","type":"post","link":"https:\/\/gruposeomkt.com.br\/blog\/depilacao-a-laser-femininamasculina\/","title":{"rendered":"depila\u00e7\u00e3o a laser feminina\/masculina"},"content":{"rendered":"<p>J\u00e1 imaginou terminar com a rotina cansativa de depilar e descobrir que o resultado pode variar dependendo do seu g\u00eanero? <a href=\"https:\/\/gruposeomkt.com.br\/blog\/clinica-de-estetica-perto-de-mim\/\" title=\"Depila\u00e7\u00e3o a Laser\">Depila\u00e7\u00e3o a laser<\/a> funciona tanto para mulheres quanto para homens, mas costuma ser mais r\u00e1pida e eficiente em quem tem pelos mais grossos, escuros e densos \u2014 caracter\u00edsticas mais comuns nos homens; mulheres com pelos mais finos e claros tamb\u00e9m t\u00eam bons resultados, por\u00e9m exigem ajustes e mais sess\u00f5es. Entender essas diferen\u00e7as biol\u00f3gicas, as \u00e1reas mais tratadas por cada g\u00eanero e o que esperar em termos de n\u00famero de sess\u00f5es e manuten\u00e7\u00e3o vai ajudar voc\u00ea a escolher o tratamento certo, evitar frustra\u00e7\u00f5es e alcan\u00e7ar resultados duradouros com seguran\u00e7a.<\/p>\n<h2>O que \u00e9 depila\u00e7\u00e3o a laser feminina\/masculina e como funciona na pr\u00e1tica<\/h2>\n<p>A depila\u00e7\u00e3o a laser, tanto para mulheres quanto para homens, utiliza energia luminosa com objetivo de reduzir os pelos ao incidir sobre a melanina presente no fol\u00edculo. Ele ou ela passa por sess\u00f5es organizadas, que miram fases espec\u00edficas do crescimento capilar para alcan\u00e7ar resultados mais duradouros.<\/p>\n<h3>Como a luz age no ciclo do pelo<\/h3>\n<p>O equipamento emite um comprimento de onda que \u00e9 absorvido pela melanina do pelo, transformando luz em calor; esse aquecimento compromete o fol\u00edculo respons\u00e1vel pelo crescimento, diminuindo a densidade e a espessura dos fios. Ele ou ela observa a queda gradual dos pelos em dias ou semanas, sendo que a resposta varia conforme a cor, a grossura e a fase an\u00e1gena do fio.<\/p>\n<p>Na pr\u00e1tica cl\u00ednica o profissional ajusta par\u00e2metros como comprimento de onda, flu\u00eancia e dura\u00e7\u00e3o do pulso conforme o fototipo e a \u00e1rea tratada. Por exemplo, em homens, regi\u00f5es com pelos mais grossos costumam exigir flu\u00eancias maiores; por outro lado, em mulheres, \u00e1reas sens\u00edveis pedem pulsos bem regulados para reduzir o desconforto. Sess\u00f5es espa\u00e7adas entre 4 e 12 semanas abrangem fol\u00edculos que entram em atividade em momentos diferentes.<\/p>\n<p>O preparo inclui pele limpa e revis\u00e3o do hist\u00f3rico de bronzeamento e uso de medicamentos; ele ou ela deve seguir orienta\u00e7\u00f5es como evitar exposi\u00e7\u00e3o solar e a depila\u00e7\u00e3o por arrancamento antes da sess\u00e3o. A expectativa realista \u00e9 uma redu\u00e7\u00e3o significativa de 60\u201390% ap\u00f3s 6\u20138 sess\u00f5es, e manuten\u00e7\u00f5es semestrais ou anuais cuidam dos pelos remanescentes ou das rebrotas mais finas.<\/p>\n<p>Pessoas com pelos claros ou pele muito escura podem exigir tecnologias ou protocolos alternativos para resultado eficaz.<\/p>\n<ul>\n<li>Onda curta vs. longa: escolha conforme profundidade do fol\u00edculo<\/li>\n<li>Protocolos: n\u00famero de sess\u00f5es ajustado \u00e0 densidade capilar<\/li>\n<li>Cuidados pr\u00e9\/p\u00f3s: fotoprote\u00e7\u00e3o e hidrata\u00e7\u00e3o para prevenir efeitos adversos<\/li>\n<\/ul>\n<p>Quando ele ou ela segue um planejamento t\u00e9cnico adequado e mant\u00e9m os cuidados entre as sess\u00f5es, a redu\u00e7\u00e3o tende a ser duradoura; contudo, \u00e9 importante alinhar expectativas ao fototipo e ao tipo de pelo, j\u00e1 que nem sempre o tratamento elimina 100% dos fios.<\/p>\n<h2>Diferen\u00e7as entre depila\u00e7\u00e3o a laser feminina\/masculina: \u00e1reas, objetivos e resposta do pelo<\/h2>\n<p>Ele e ela apresentam padr\u00f5es distintos de crescimento dos pelos; por isso a depila\u00e7\u00e3o a laser exige planejamento das \u00e1reas a tratar, defini\u00e7\u00e3o de metas est\u00e9ticas e ajustes t\u00e9cnicos conforme a densidade, a cor e o ciclo capilar.<\/p>\n<h3>Mapeamento pr\u00e1tico de zonas tratadas e metas por g\u00eanero<\/h3>\n<p>Ela costuma procurar por suaviza\u00e7\u00e3o e durabilidade em locais como virilha, axilas e pernas. Os protocolos, ent\u00e3o, visam reduzir a densidade e harmonizar bordas irregulares; com isso, as sess\u00f5es de manuten\u00e7\u00e3o podem ser espa\u00e7adas para cada 6\u201312 meses. Curiosamente, quando a pele \u00e9 mais sens\u00edvel \u00e9 preciso reduzir a flu\u00eancia e fazer testes pr\u00e9vios, especialmente em fototipos m\u00e9dios a altos, para diminuir riscos de hiperpigmenta\u00e7\u00e3o.<\/p>\n<p>Ele, por outro lado, tende a concentrar o tratamento no peito, costas, abd\u00f4men e barba \u2014 \u00e1reas com fios mais espessos e pigmentados. Nessas regi\u00f5es, flu\u00eancias maiores e ponteiras de pulso curto costumam ser mais eficazes; na barba, por exemplo, s\u00e3o necess\u00e1rias frequentemente 8\u201312 sess\u00f5es, al\u00e9m de manejo espec\u00edfico para foliculite p\u00f3s-tratamento. T\u00e9cnicas com resfriamento eficaz e calibra\u00e7\u00e3o para alta densidade ajudam a prevenir queimaduras e reduzem a chance de pseudofoliculite.<\/p>\n<p>A resposta do pelo depende do ciclo an\u00e1geno e do contraste entre melanina do fio e da pele. Pelos finos e claros usualmente exigem mais sess\u00f5es ou tecnologias espec\u00edficas; j\u00e1 fios grossos com alto contraste podem apresentar 60\u201380% de redu\u00e7\u00e3o vis\u00edvel ap\u00f3s a s\u00e9rie inicial. O planejamento pr\u00e1tico inclui fotografia padronizada, registro da densidade e um protocolo de intervalos que capture sucessivos an\u00e1genos.<\/p>\n<p>Avalia\u00e7\u00e3o inicial de densidade e fototipo determina escolha de laser, energia e intervalo entre sess\u00f5es.<\/p>\n<ul>\n<li>\u00c1reas mais buscadas: ela \u2014 pernas, virilha, axilas; ele \u2014 costas, peito, barba<\/li>\n<li>Objetivos t\u00edpicos: ela \u2014 suaviza\u00e7\u00e3o e manuten\u00e7\u00e3o; ele \u2014 redu\u00e7\u00e3o de volume e controle de foliculite<\/li>\n<li>Resposta do pelo: ele \u2014 tende a responder mais r\u00e1pido com flu\u00eancia alta; ela \u2014 costuma ser mais sens\u00edvel, pedindo ajustes finos<\/li>\n<\/ul>\n<p>O ajuste t\u00e9cnico por g\u00eanero costuma acelerar os resultados: registre densidade, selecione o protocolo adequado e alinhe expectativas realistas antes do primeiro ciclo. Por fim, comunic\u00e1-las claramente ao paciente reduz incertezas e melhora a ades\u00e3o ao tratamento.<\/p>\n<h2>Tecnologias de laser: qual se adapta melhor ao seu tom de pele e tipo de pelo<\/h2>\n<p>A tecnologia a laser escolhida faz diferen\u00e7a direta na efici\u00eancia e na seguran\u00e7a do procedimento: cada comprimento de onda e dura\u00e7\u00e3o de pulso combinam-se de forma espec\u00edfica ao fototipo e \u00e0 espessura do pelo, otimizando os resultados tanto na depila\u00e7\u00e3o feminina quanto na masculina.<\/p>\n<h3>Combina\u00e7\u00e3o t\u00e9cnica: adaptar comprimento de onda, pulso e resfriamento ao cliente<\/h3>\n<p>O **Alexandrite (755 nm)** costuma ser a prefer\u00eancia para peles claras (fototipos I\u2013III) e para pelos finos a m\u00e9dios, pois sua alta afinidade pela melanina reduz o n\u00famero de sess\u00f5es quando se trata de pelos escuros e finos. Ele entrega bom desempenho em axilas e pernas; curiosamente, em peles mais escuras \u00e9 preciso diminuir a energia e fazer testes pr\u00e9vios para evitar hiperpigmenta\u00e7\u00e3o.<\/p>\n<p>O **Diode (800\u2013810 nm)** equilibra penetra\u00e7\u00e3o e seguran\u00e7a; por isso \u00e9 vers\u00e1til para fototipos II\u2013IV e indicado em pelos m\u00e9dios a grossos. Ele \u00e9 frequentemente usado em \u00e1reas amplas, como costas, e em barbas densas masculinas. Com dura\u00e7\u00f5es de pulso ajust\u00e1veis e resfriamento adequado, permite par\u00e2metros de flu\u00eancia mais altos para maximizar o dano folicular sem comprometer a epiderme.<\/p>\n<p>J\u00e1 o **Nd:YAG (1064 nm)** se destaca em peles mais escuras (fototipos V\u2013VI) e em pelos grossos, gra\u00e7as \u00e0 menor absor\u00e7\u00e3o epid\u00e9rmica e maior profundidade de penetra\u00e7\u00e3o; isso reduz o risco de manchas e o torna prefer\u00edvel em pacientes fotossens\u00edveis. Por outro lado, sua resposta \u00e9 limitada em pelos muito finos ou loiros \u2014 nesses casos, ele pode ser complementado por t\u00e9cnicas alternativas ou por sess\u00f5es adicionais com par\u00e2metros espec\u00edficos.<\/p>\n<p>Teste de fototipo e patch test s\u00e3o essenciais; ajuste de flu\u00eancia e dura\u00e7\u00e3o do pulso define sucesso e seguran\u00e7a.<\/p>\n<ul>\n<li>Alexandrite: ideal para pele clara e pelos finos\/m\u00e9dios<\/li>\n<li>Diode: vers\u00e1til, eficaz em pelos m\u00e9dios\/grossos e \u00e1reas extensas<\/li>\n<li>Nd:YAG: mais seguro para peles escuras e pelos grossos<\/li>\n<\/ul>\n<p>Ao escolher a tecnologia ele deve avaliar fototipo, espessura do pelo e hist\u00f3rico cl\u00ednico; agendar uma avalia\u00e7\u00e3o com equipamento compat\u00edvel e realizar o patch test garante resultados mais previs\u00edveis. Por outro lado, a intera\u00e7\u00e3o entre pulso, flu\u00eancia e resfriamento precisa ser planejada caso a caso para minimizar efeitos adversos e otimizar a redu\u00e7\u00e3o pelo a pelo.<\/p>\n<h2>Seguran\u00e7a em foco: indica\u00e7\u00f5es, contraindica\u00e7\u00f5es e quando adiar o procedimento<\/h2>\n<p>A indica\u00e7\u00e3o cl\u00ednica ancorada em caracter\u00edsticas da pele e do pelo reduz riscos: ele ou ela precisa ser avaliado segundo fototipo, medicamentos em uso e hist\u00f3rico cut\u00e2neo para definir se a depila\u00e7\u00e3o a laser \u00e9 segura e quando adiar o procedimento.<\/p>\n<h3>Triagem pr\u00e1tica antes do primeiro disparo<\/h3>\n<p>Ele ou ela \u00e9 candidato quando apresenta pelos terminais vis\u00edveis e pele sem les\u00f5es ativas; curiosamente, fototipos II a IV costumam responder com mais efic\u00e1cia e exigir menos sess\u00f5es. A avalia\u00e7\u00e3o contempla o fototipo de Fitzpatrick, densidade e calibre dos fios, al\u00e9m de documenta\u00e7\u00e3o fotogr\u00e1fica cuidadosa. Medi\u00e7\u00f5es de flu\u00eancia, escolha do comprimento de onda e ajuste da dura\u00e7\u00e3o do pulso adaptam o protocolo, diminuindo a chance de queimaduras e hiperpigmenta\u00e7\u00e3o p\u00f3s-tratamento.<\/p>\n<p>Contraindica\u00e7\u00f5es absolutas e relativas pedem decis\u00e3o cl\u00ednica ponderada. Por exemplo, gravidez, uso recente de isotretino\u00edna nos \u00faltimos 6\u201312 meses, infec\u00e7\u00f5es cut\u00e2neas ativas, feridas abertas e bronzeamento recente elevam o risco de complica\u00e7\u00f5es. Em casos com hist\u00f3rico de queloide ou p\u00farpura branda ele ou ela deve considerar alternativas; pacientes com pele muito escura necessitam ajuste fino dos par\u00e2metros ou o uso de lasers espec\u00edficos, como Nd:YAG, para maior seguran\u00e7a.<\/p>\n<p>Deve-se adiar a sess\u00e3o quando houver febre, uso de medicamentos fotossensibilizantes, tatuagens na \u00e1rea ou procedimentos cosm\u00e9ticos recentes (peelings, microagulhamento nas \u00faltimas 2\u20134 semanas). Por exemplo: quem tomou tetraciclina na semana anterior precisa postergar a sess\u00e3o; quem realizou bronzeamento artificial aguarda em torno de 4\u20136 semanas. Protocolos simples de preparo, como raspagem e evitar exposi\u00e7\u00e3o solar, minimizam intercorr\u00eancias imediatas.<\/p>\n<p>A triagem farmacol\u00f3gica e o ajuste de par\u00e2metro por fototipo reduzem complica\u00e7\u00f5es inesperadas em mais de 70% dos casos.<\/p>\n<ul>\n<li>Indica\u00e7\u00e3o: pelos terminais vis\u00edveis, fototipo avaliado, expectativa alinhada<\/li>\n<li>Contraindica\u00e7\u00e3o: gravidez, isotretino\u00edna recente, infec\u00e7\u00e3o local ativa<\/li>\n<li>Adiar se: bronzeamento recente, medicamentos fotossensibilizantes, procedimentos cut\u00e2neos recentes<\/li>\n<\/ul>\n<p>Ele ou ela deve seguir um checklist pr\u00e9-sess\u00e3o e receber orienta\u00e7\u00f5es sobre prepara\u00e7\u00e3o; decis\u00f5es de adiar preservam o resultado est\u00e9tico e a integridade cut\u00e2nea, e por outro lado evitam intercorr\u00eancias desnecess\u00e1rias.<\/p>\n<h2>Prepara\u00e7\u00e3o e cronograma de sess\u00f5es: o passo a passo para melhores resultados<\/h2>\n<p>Antes da primeira sess\u00e3o ele\/ela organiza rotina e ajusta expectativas: faz avalia\u00e7\u00e3o de pele e pelo, suspende m\u00e9todos abrasivos e combina intervalos claros para otimizar a efic\u00e1cia e diminuir riscos.<\/p>\n<h3>Sequ\u00eancia pr\u00e1tica para iniciar e manter o tratamento<\/h3>\n<p>Na avalia\u00e7\u00e3o inicial o profissional identifica fototipo, densidade e fase do pelo; ele\/ela deve chegar sem bronzeamento e com pelo aparado (n\u00e3o arrancado), para facilitar a calibra\u00e7\u00e3o do aparelho. Curiosamente, exames simples e o levantamento do hist\u00f3rico medicamentoso orientam as altera\u00e7\u00f5es do protocolo: isotretino\u00edna exige espera, anticoagulantes pedem cuidado extra. A depila\u00e7\u00e3o a laser, seja feminina ou masculina, tem melhor resultado com pelos na fase an\u00e1gena, portanto acertar o timing desde o come\u00e7o faz toda a diferen\u00e7a.<\/p>\n<p>O cronograma padr\u00e3o muda conforme a regi\u00e3o e o ciclo de crescimento: rosto e virilha costumam exigir intervalos de 4 a 6 semanas nas primeiras sess\u00f5es, enquanto axilas e pernas variam entre 6 e 8 semanas. Ele\/ela recebe um calend\u00e1rio com datas-alvo e metas; reduzir 70\u201390% dos fios ap\u00f3s 6\u20138 sess\u00f5es \u00e9 uma expectativa realista em muitos casos. Por outro lado, marcar sess\u00f5es em janelas inadequadas compromete a porcentagem de sucesso.<\/p>\n<p>Cuidados pr\u00e1ticos entre sess\u00f5es aumentam a efetividade: evitar exposi\u00e7\u00e3o solar por duas semanas, aplicar protetor SPF 30+ nas \u00e1reas tratadas, hidratar com produtos sem fragr\u00e2ncia e n\u00e3o fazer depila\u00e7\u00f5es que puxem o pelo. Se aparecerem foliculites, tratam-se localmente e o plano \u00e9 ajustado. Ele\/ela tamb\u00e9m registra fotos peri\u00f3dicas para acompanhar o progresso e possibilitar mudan\u00e7as na pot\u00eancia e nos intervalos.<\/p>\n<p>Agendar as primeiras tr\u00eas sess\u00f5es juntas e revisar resultados na quarta aumenta previsibilidade e acelera decis\u00f5es de ajuste.<\/p>\n<ul>\n<li>Avalia\u00e7\u00e3o inicial: fototipo, medica\u00e7\u00e3o e fase do pelo<\/li>\n<li>Intervalos: rosto 4\u20136 semanas; corpo 6\u20138 semanas<\/li>\n<li>Cuidados entre sess\u00f5es: evitar sol, n\u00e3o arrancar fios, hidrata\u00e7\u00e3o<\/li>\n<\/ul>\n<p>Organize o cronograma com o profissional, siga as restri\u00e7\u00f5es pr\u00e9vias e registre a evolu\u00e7\u00e3o: ades\u00e3o e timing corretos multiplicam a efic\u00e1cia e reduzem complica\u00e7\u00f5es.<\/p>\n<h2>Dor e conforto: o que esperar e como reduzir a sensibilidade durante as sess\u00f5es<\/h2>\n<p>Ele ou ela pode sentir um desconforto localizado, parecido com belisc\u00f5es ou pequenos estalos; a intensidade muda conforme a \u00e1rea tratada, a cor do pelo e a tecnologia empregada. Curiosamente, t\u00e9cnicas pr\u00e1ticas j\u00e1 come\u00e7am a reduzir a sensibilidade na primeira sess\u00e3o, melhorando a toler\u00e2ncia do paciente.<\/p>\n<h3>Al\u00edvio imediato e preparo estrat\u00e9gico<\/h3>\n<p>Normalmente a dor aparece apenas no momento em que o pulso \u00e9 aplicado; regi\u00f5es com pele mais fina \u2014 como axilas, virilha e face \u2014 costumam ser mais sens\u00edveis. Por outro lado, fatores como bronzeamento recente, flutua\u00e7\u00f5es hormonais, temperatura ambiente e uso de aparelhos de alta energia aumentam essa sensibilidade. Cl\u00ednicas que avaliam o fototipo e ajustam a flu\u00eancia relatam redu\u00e7\u00e3o de at\u00e9 30% nas rea\u00e7\u00f5es adversas, segundo protocolos cl\u00ednicos.<\/p>\n<p>Algumas medidas pr\u00e9-sess\u00e3o ajudam a garantir mais conforto: evitar exposi\u00e7\u00e3o solar por duas semanas, aparar os fios sem arranc\u00e1-los, aplicar creme anest\u00e9sico t\u00f3pico quando indicado pelo m\u00e9dico e manter a pele bem hidratada. Ele ou ela tamb\u00e9m deve informar sobre medicamentos que aumentem a fotossensibilidade. Exemplo pr\u00e1tico: a aplica\u00e7\u00e3o do anest\u00e9sico 45\u201360 minutos antes em \u00e1reas \u00edntimas costuma diminuir a sensa\u00e7\u00e3o percebida, demonstrado tanto em estudos cl\u00ednicos quanto na rotina de consult\u00f3rios.<\/p>\n<p>Durante a sess\u00e3o, a combina\u00e7\u00e3o de resfriamento por contato, jato de ar frio ou gel refrigerante reduz a dor aguda e possibilita o uso de n\u00edveis de energia mais eficazes. Pausas curtas entre aplica\u00e7\u00f5es, al\u00e9m de comunica\u00e7\u00e3o cont\u00ednua entre paciente e operador, permitem modular a intensidade conforme a toler\u00e2ncia. Depois do procedimento, compressas frias, anti-inflamat\u00f3rios n\u00e3o esteroides quando indicados e evitar exposi\u00e7\u00e3o ao calor local aceleram a recupera\u00e7\u00e3o e minimizam desconforto residual.<\/p>\n<p>Ajuste de energia com resfriamento permite sess\u00f5es mais confort\u00e1veis sem comprometer efic\u00e1cia.<\/p>\n<ul>\n<li>Pr\u00e9-tratamento: evitar bronzeamento e, quando indicado, usar creme anest\u00e9sico<\/li>\n<li>Sess\u00e3o: priorizar resfriamento ativo e fazer pausas curtas para ajustes<\/li>\n<li>P\u00f3s-tratamento: compressas frias, hidrata\u00e7\u00e3o e evitar calor por 48 horas<\/li>\n<\/ul>\n<p>Em suma, ele ou ela reduz sensibilidade combinando preparo, resfriamento e comunica\u00e7\u00e3o; pequenas interven\u00e7\u00f5es tornam a depila\u00e7\u00e3o a laser, tanto feminina quanto masculina, mais toler\u00e1vel e eficaz.<\/p>\n<h2>\u00c1reas mais procuradas por mulheres e homens: o que muda em cada regi\u00e3o do corpo<\/h2>\n<p>Mulheres e homens tendem a escolher \u00e1reas distintas para depila\u00e7\u00e3o a laser conforme objetivos est\u00e9ticos e rotina di\u00e1ria. Ela costuma priorizar virilha e axilas; ele, por sua vez, foca em barba, peito e costas \u2014 cada regi\u00e3o traz varia\u00e7\u00f5es em densidade do pelo, sensibilidade \u00e0 dor e n\u00famero de sess\u00f5es necess\u00e1rias.<\/p>\n<h3>Escolhas guiadas por pelo, horm\u00f4nios e finalidade est\u00e9tica<\/h3>\n<p>Para ela, axilas e virilha figuram entre as mais procuradas: a expectativa \u00e9 por redu\u00e7\u00e3o duradoura, menos foliculite e manuten\u00e7\u00e3o pr\u00e1tica do dia a dia. A virilha frequentemente requer t\u00e9cnicas espec\u00edficas para contorno \u00edntimo e cuidados p\u00f3s-sess\u00e3o; j\u00e1 as axilas costumam responder bem em 6\u20138 sess\u00f5es, embora mulheres com pelos mais finos possam precisar de sess\u00f5es adicionais para alcan\u00e7ar redu\u00e7\u00e3o relevante.<\/p>\n<p>No rosto, ela busca \u00e1reas como bu\u00e7o e queixo com o objetivo de uniformizar a apar\u00eancia sem tirar a express\u00e3o natural. Tratamentos faciais exigem par\u00e2metros mais conservadores por causa da pele sens\u00edvel e do risco de hiperpigmenta\u00e7\u00e3o; portanto, os protocolos normalmente preveem intervalos maiores entre sess\u00f5es e prote\u00e7\u00e3o solar rigorosa. Curiosamente, a mesma preocupa\u00e7\u00e3o aparece na barba masculina, por\u00e9m ele tende a necessitar de mais sess\u00f5es e energia maior devido ao pelo mais grosso e aos fol\u00edculos mais profundos.<\/p>\n<p>Por outro lado, homens costumam priorizar peito e costas por motivos est\u00e9ticos e conforto; s\u00e3o \u00e1reas amplas que demandam sess\u00f5es mais longas e equipamentos com maior cobertura. Aplicadores maiores reduzem o tempo total de tratamento e, quando fatores hormonais est\u00e3o sob controle, peito e costas costumam responder bem. Se um homem apresenta pelos extremamente densos, \u00e9 comum combinar depila\u00e7\u00e3o com avalia\u00e7\u00e3o endocrinol\u00f3gica para investigar crescimento excessivo.<\/p>\n<p>Selecione equipamento e par\u00e2metros segundo espessura do pelo e fototipo; ajuste garante efic\u00e1cia e reduz risco de pigmenta\u00e7\u00e3o.<\/p>\n<ul>\n<li>Axilas e virilha: alta procura feminina; 6\u20138 sess\u00f5es t\u00edpicas, aten\u00e7\u00e3o ao contorno \u00edntimo<\/li>\n<li>Rosto e barba: procedimentos faciais pedem par\u00e2metros conservadores; barba masculina requer mais pot\u00eancia e sess\u00f5es<\/li>\n<li>Costas e peito: \u00e1reas extensas em homens; uso de aplicadores maiores e avalia\u00e7\u00e3o hormonal quando indicada<\/li>\n<\/ul>\n<p>Definir expectativas por regi\u00e3o \u2014 n\u00famero de sess\u00f5es, intensidade da dor e cuidados espec\u00edficos \u2014 permite planejar um tratamento eficaz e alcan\u00e7ar resultados duradouros tanto para ela quanto para ele, al\u00e9m de reduzir surpresas no meio do processo.<\/p>\n<h2>Cuidados p\u00f3s-laser e poss\u00edveis efeitos: como acelerar a recupera\u00e7\u00e3o com seguran\u00e7a<\/h2>\n<p>Ap\u00f3s a sess\u00e3o de depila\u00e7\u00e3o a laser, medidas imediatas ajudam a reduzir vermelhid\u00e3o, prevenir manchas e acelerar a recupera\u00e7\u00e3o. Ele\/ela precisa seguir instru\u00e7\u00f5es pr\u00e1ticas de p\u00f3s-tratamento para proteger a pele e preservar os resultados de forma uniforme.<\/p>\n<h3>Cuidados simples que diminuem rea\u00e7\u00f5es e protegem a pele<\/h3>\n<p>Nas primeiras 24\u201372 horas, recomenda-se aplicar compressas frias por 10\u201315 minutos a cada poucas horas; isso alivia edema e diminui a vermelhid\u00e3o. Usar um hidratante neutro, sem fragr\u00e2ncia, e um reparador contendo pantenol ou ceramidas contribui para restaurar a barreira cut\u00e2nea. Curiosamente, evitar banhos quentes e exerc\u00edcios intensos reduz o risco de foliculite e de hiperpigmenta\u00e7\u00e3o p\u00f3s-inflamat\u00f3ria.<\/p>\n<p>A prote\u00e7\u00e3o solar \u00e9 fundamental: ele\/ela deve aplicar filtro solar de amplo espectro FPS 50+ nas \u00e1reas tratadas sempre que houver exposi\u00e7\u00e3o, e continuar usando nas semanas seguintes. Se surgirem bolhas ou crostas, n\u00e3o se deve remov\u00ea-las manualmente; limpar com soro fisiol\u00f3gico de forma suave e aplicar a pomada cicatrizante prescrita previne infec\u00e7\u00e3o e manchas escuras. Em peles mais escuras, o uso de cremes despigmentantes sob orienta\u00e7\u00e3o profissional diminui o risco de manchas persistentes.<\/p>\n<p>Se aparecerem rea\u00e7\u00f5es incomuns \u2014 dor intensa, secre\u00e7\u00e3o purulenta ou bolhas extensas \u2014 ele\/ela deve procurar o profissional respons\u00e1vel pela depila\u00e7\u00e3o sem demora. Para acelerar a recupera\u00e7\u00e3o entre sess\u00f5es, a esfolia\u00e7\u00e3o leve s\u00f3 \u00e9 indicada quando a pele estiver totalmente cicatrizada (geralmente 2\u20134 semanas) e, por outro lado, depilar com cera ou usar pin\u00e7a \u00e9 desaconselhado porque traumatiza os fol\u00edculos. Ajustes no intervalo entre sess\u00f5es e nos par\u00e2metros do laser tamb\u00e9m evitam complica\u00e7\u00f5es recorrentes.<\/p>\n<p>Evitar exposi\u00e7\u00e3o solar e trauma mec\u00e2nico nas primeiras semanas reduz a incid\u00eancia de hiperpigmenta\u00e7\u00e3o e acelera o retorno da pele \u00e0 normalidade.<\/p>\n<ul>\n<li>Compressas frias e hidratante sem perfume nas primeiras 72 horas<\/li>\n<li>Bloqueador solar FPS 50+ di\u00e1rio nas \u00e1reas tratadas<\/li>\n<li>Aten\u00e7\u00e3o m\u00e9dica imediata para sinais de infec\u00e7\u00e3o ou bolhas extensas<\/li>\n<\/ul>\n<p>Seguir o protocolo de p\u00f3s-tratamento diminui vermelhid\u00e3o, previne manchas e garante sess\u00f5es futuras mais seguras; os cuidados devem ser ajustados conforme o tipo de pele e a orienta\u00e7\u00e3o profissional, para que os resultados sejam mantidos no longo prazo.<\/p>\n<h2>Resultados reais: depila\u00e7\u00e3o definitiva existe? manuten\u00e7\u00e3o e expectativas por g\u00eanero<\/h2>\n<p>A depila\u00e7\u00e3o a laser promove uma redu\u00e7\u00e3o duradoura na densidade e no crescimento dos pelos; quando se fala em **definitivo** refere-se \u00e0 aus\u00eancia total, algo raro na pr\u00e1tica. Aqui ele\/ela encontra crit\u00e9rios pr\u00e1ticos para compreender o que \u00e9 redu\u00e7\u00e3o permanente, como funciona a manuten\u00e7\u00e3o, e por que os resultados variam entre homens e mulheres.<\/p>\n<h3>O que significa &#8216;definitivo&#8217; na pr\u00e1tica cl\u00ednica<\/h3>\n<p>\u00c9 importante que ele\/ela diferencia redu\u00e7\u00e3o permanente de elimina\u00e7\u00e3o completa: a maioria dos estudos e cl\u00ednicas relata entre 70% e 90% de diminui\u00e7\u00e3o do volume piloso ap\u00f3s um ciclo completo de sess\u00f5es. Curiosamente, fatores como fototipo, colora\u00e7\u00e3o do pelo e status hormonal influenciam bastante o desfecho. As sess\u00f5es iniciais costumam ocorrer a cada 4\u20138 semanas; peles claras com pelo escuro tendem a responder melhor, por\u00e9m a remo\u00e7\u00e3o total nem sempre \u00e9 alcan\u00e7ada.<\/p>\n<p>Na pr\u00e1tica cl\u00ednica, a depila\u00e7\u00e3o a laser para mulheres e para homens requer protocolos ajustados. Mulheres com excesso de androg\u00eanios \u2014 por exemplo, na SOP \u2014 frequentemente necessitam de manuten\u00e7\u00e3o cont\u00ednua e acompanhamento m\u00e9dico simult\u00e2neo. J\u00e1 os homens, por apresentarem fios mais grossos e maior densidade, geralmente precisam de mais sess\u00f5es e par\u00e2metros mais potentes; barbas muito densas podem demandar de 8 a 12 sess\u00f5es e, depois, retoques semestrais ou anuais.<\/p>\n<p>Em termos pr\u00e1ticos: um ciclo t\u00edpico para ela varia entre 6 e 8 sess\u00f5es, espa\u00e7adas conforme a fase do pelo; para ele, costuma-se prever 8\u201312 sess\u00f5es, com flu\u00eancia nos par\u00e2metros e intervalos mais curtos. Touch-ups s\u00e3o esperados \u2014 normalmente, cerca de 1 por ano nos primeiros 2\u20133 anos \u2014 e ficam mais frequentes se houver altera\u00e7\u00e3o hormonal. A realiza\u00e7\u00e3o de registro fotogr\u00e1fico e o ajuste dos par\u00e2metros a cada sess\u00e3o permitem acompanhar a progress\u00e3o de forma mensur\u00e1vel.<\/p>\n<p>Expectativa real: alta redu\u00e7\u00e3o \u00e9 prov\u00e1vel, remo\u00e7\u00e3o absoluta \u00e9 exce\u00e7\u00e3o; manuten\u00e7\u00e3o e avalia\u00e7\u00f5es garantem resultados est\u00e1veis.<\/p>\n<ul>\n<li>Agendar fotos e medir densidade antes do primeiro tratamento<\/li>\n<li>Considerar avalia\u00e7\u00e3o hormonal em caso de crescimento irregular ap\u00f3s o tratamento<\/li>\n<li>Planejar manuten\u00e7\u00e3o anual ou conforme a resposta individual<\/li>\n<\/ul>\n<p>Ele\/ela deve encarar o laser como uma estrat\u00e9gia de redu\u00e7\u00e3o duradoura com manuten\u00e7\u00e3o previs\u00edvel; ajustar o n\u00famero de sess\u00f5es e o acompanhamento m\u00e9dico conforme a resposta individual, \u00e9 essencial.<\/p>\n<h2>Pre\u00e7os, pacotes e como escolher a cl\u00ednica: equipamentos, equipe e sinais de qualidade<\/h2>\n<p>Pre\u00e7os oscilam bastante; ele ou ela precisa considerar custo por sess\u00e3o, quantidade estimada de atendimentos e eventuais garantias. Comparar pacotes facilita enxergar o valor real entre cl\u00ednicas e, curiosamente, evita surpresas financeiras no meio do tratamento.<\/p>\n<h3>Como equil\u00edbrio entre tecnologia, experi\u00eancia e transpar\u00eancia define custo-benef\u00edcio<\/h3>\n<p>Ao analisar or\u00e7amentos, ele ou ela deve solicitar discrimina\u00e7\u00e3o por \u00e1rea tratada, n\u00famero previsto de sess\u00f5es e poss\u00edveis taxas adicionais \u2014 isso traz mais clareza. Cl\u00ednicas que informam faixa de pre\u00e7o por sess\u00e3o e simulam planos (ex.: 6\u201310 sess\u00f5es) costumam oferecer previsibilidade maior. Tamb\u00e9m vale pedir a pol\u00edtica de reaplica\u00e7\u00e3o ou retoque para entender o custo total efetivo e n\u00e3o acabar pagando novamente por um resultado que era esperado.<\/p>\n<p>Os equipamentos importam: lasers de diodo, alexandrita e Nd:YAG t\u00eam indica\u00e7\u00f5es distintas conforme fototipo e regi\u00e3o do corpo. Ele ou ela precisa confirmar fabricante, modelo e data da \u00faltima calibra\u00e7\u00e3o; aparelhos com homologa\u00e7\u00e3o e manuten\u00e7\u00e3o registrada reduzem risco de queimaduras e sess\u00f5es ineficazes. Exija, sempre que poss\u00edvel, fotos de resultados reais da pr\u00f3pria cl\u00ednica e verifique se foi realizado teste de fototipagem antes de fechar o pacote.<\/p>\n<p>Equipe e sinais de qualidade tamb\u00e9m pesam na escolha: profissional com forma\u00e7\u00e3o t\u00e9cnica ou est\u00e9tica, aliado \u00e0 supervis\u00e3o m\u00e9dica, \u00e9 essencial \u2014 sobretudo para peles escuras ou \u00e1reas sens\u00edveis. Procure por protocolos escritos, termo de consentimento e registros de complica\u00e7\u00f5es. Pacotes que incluem avalia\u00e7\u00e3o inicial, acompanhamento e garantia de retoque dentro de prazos claros transmitem mais seguran\u00e7a durante a jornada de depila\u00e7\u00e3o a laser, seja feminina ou masculina.<\/p>\n<p>Prefira cl\u00ednicas que incluam avalia\u00e7\u00e3o inicial, teste de pele e garantias de retoque no contrato.<\/p>\n<ul>\n<li>Pe\u00e7a or\u00e7amento detalhado por \u00e1rea e total estimado<\/li>\n<li>Confirme modelo de laser, manuten\u00e7\u00e3o e homologa\u00e7\u00e3o<\/li>\n<li>Verifique qualifica\u00e7\u00e3o da equipe e exist\u00eancia de supervis\u00e3o m\u00e9dica<\/li>\n<\/ul>\n<p>Comparar pacotes com crit\u00e9rios t\u00e9cnicos e humanos garante uma decis\u00e3o mais econ\u00f4mica e segura; no fim das contas, ele ou ela deve priorizar transpar\u00eancia, equipamento certificado e equipe qualificada.<\/p>\n<h2>Conclus\u00e3o<\/h2>\n<p>A depila\u00e7\u00e3o a laser, tanto para ele quanto para ela, proporciona redu\u00e7\u00e3o duradoura dos pelos quando executada com protocolos corretos; curiosamente, ao alinhar expectativas, tipo de pele e cuidados pr\u00e9 e p\u00f3s, a pessoa ganha pele mais macia e rotina bem mais simples.<\/p>\n<h3>Decis\u00f5es pr\u00e1ticas conforme cada perfil<\/h3>\n<p>Antes de qualquer sess\u00e3o ele ou ela deve buscar avalia\u00e7\u00e3o profissional que leve em conta fototipo, densidade capilar e hist\u00f3rico m\u00e9dico; esses elementos orientam a escolha do equipamento, par\u00e2metros e a previs\u00e3o do n\u00famero de sess\u00f5es. Cl\u00ednicas que registram fotos, ajustam flu\u00eancia e programam intervalos semanais costumam alcan\u00e7ar 70\u201390% de redu\u00e7\u00e3o efetiva em peles claras com pelos escuros, na m\u00e9dia de 6\u20138 sess\u00f5es.<\/p>\n<p>Para peles mais escuras ou fios finos, por outro lado, adotam-se protocolos espec\u00edficos \u2014 por exemplo comprimentos de onda maiores, flu\u00eancia reduzida e testes em \u00e1reas pequenas \u2014 para minimizar risco de hiperpigmenta\u00e7\u00e3o. Exemplos pr\u00e1ticos: axilas masculinas com pelos grossos respondem bem a sess\u00f5es a cada 6\u20138 semanas usando alexandrita ou Nd:YAG adaptado; j\u00e1 uma virilha feminina mais sens\u00edvel se beneficia de intervalos calibrados e cremes calmantes no p\u00f3s, o que acelera recupera\u00e7\u00e3o e melhora ades\u00e3o ao tratamento.<\/p>\n<p>Na hora de calcular custo-benef\u00edcio, ele ou ela deve comparar pacotes que incluam avalia\u00e7\u00e3o, possibilidade de manuten\u00e7\u00e3o anual e garantias de retoque. Integrar prote\u00e7\u00e3o solar rigorosa, evitar bronzeamento pr\u00e9vio e informar uso de medicamentos fotosensibilizantes s\u00e3o medidas diretas que reduzem complica\u00e7\u00f5es e aumentam a efic\u00e1cia desde a primeira sess\u00e3o.<\/p>\n<p>Escolher cl\u00ednica com protocolos documentados e testes pr\u00e9vios reduz eventos adversos e aumenta probabilidade de sucesso cl\u00ednico.<\/p>\n<ul>\n<li>Agendar avalia\u00e7\u00e3o presencial com especialista para mapear fototipo e metas.<\/li>\n<li>Solicitar hist\u00f3rico dos equipamentos e os par\u00e2metros que ser\u00e3o usados antes do primeiro procedimento.<\/li>\n<li>Seguir orienta\u00e7\u00f5es pr\u00e9 e p\u00f3s: evitar bronzeamento, usar protetor solar e manter os intervalos recomendados.<\/li>\n<li>Escolher pacote com manuten\u00e7\u00e3o e crit\u00e9rios claros para retoques.<\/li>\n<\/ul>\n<p>Ele ou ela avan\u00e7a com mais seguran\u00e7a quando combina avalia\u00e7\u00e3o profissional, protocolos ajustados e ades\u00e3o ao cuidado domiciliar; resultados dur\u00e1veis dependem dessa tr\u00edade aplicada corretamente, e claro, de expectativas bem alinhadas.<\/p>\n<h2>Perguntas Frequentes<\/h2>\n<h3>O que \u00e9 depila\u00e7\u00e3o a laser feminina\/masculina e como ela funciona?<\/h3>\n<p>A depila\u00e7\u00e3o a laser feminina\/masculina \u00e9 um procedimento que usa luz concentrada para atingir o pigmento do pelo e danificar o fol\u00edculo capilar, reduzindo o crescimento ao longo do tempo. Ele age selecionando a melanina do pelo, convertendo a energia luminosa em calor que inativa o fol\u00edculo sem remover a pele.<\/p>\n<p>O resultado depende do tipo de pele e do pelo; geralmente s\u00e3o necess\u00e1rias m\u00faltiplas sess\u00f5es espa\u00e7adas para acompanhar o ciclo de crescimento. Profissionais qualificados avaliam fototipo, densidade dos pelos e regi\u00e3o a ser tratada antes de iniciar o protocolo.<\/p>\n<h3>Quantas sess\u00f5es de depila\u00e7\u00e3o a laser feminina\/masculina s\u00e3o necess\u00e1rias para ver resultados permanentes?<\/h3>\n<p>O n\u00famero de sess\u00f5es varia conforme o tipo de pele, cor e densidade do pelo; normalmente ele precisa de 6 a 10 sess\u00f5es para redu\u00e7\u00e3o significativa. Algumas pessoas chegam \u00e0 redu\u00e7\u00e3o permanente ap\u00f3s esse intervalo, enquanto outras necessitam de sess\u00f5es de manuten\u00e7\u00e3o anuais ou semestrais.<\/p>\n<p>As sess\u00f5es s\u00e3o espa\u00e7adas geralmente entre 4 e 8 semanas, dependendo da \u00e1rea tratada e do ciclo piloso. Avalia\u00e7\u00f5es peri\u00f3dicas permitem ajustar o tratamento e otimizar resultados com seguran\u00e7a.<\/p>\n<h3>A depila\u00e7\u00e3o a laser feminina\/masculina d\u00f3i e como \u00e9 o desconforto?<\/h3>\n<p>O n\u00edvel de dor varia de pessoa para pessoa e conforme a regi\u00e3o tratada; ele descreve o desconforto como sensa\u00e7\u00e3o de belisc\u00f5es ou calor. Muitas cl\u00ednicas usam sistemas de resfriamento, cremes anest\u00e9sicos ou aparelhos com tecnologia que reduzem a sensa\u00e7\u00e3o durante a sess\u00e3o.<\/p>\n<p>Ap\u00f3s o procedimento, ele pode apresentar vermelhid\u00e3o ou sensibilidade local por algumas horas; cuidados com prote\u00e7\u00e3o solar e evitar atrito na \u00e1rea ajudam a reduzir inc\u00f4modos. Profissional qualificado orienta sobre medidas analg\u00e9sicas e cuidados p\u00f3s-tratamento.<\/p>\n<h3>Quais s\u00e3o as contraindica\u00e7\u00f5es e cuidados antes de fazer depila\u00e7\u00e3o a laser?<\/h3>\n<p>Ele n\u00e3o deve realizar o procedimento se estiver gr\u00e1vida, com bronzeamento recente, infec\u00e7\u00f5es na pele ou uso de medicamentos fotossensibilizantes sem libera\u00e7\u00e3o m\u00e9dica. Pessoas com certas doen\u00e7as cut\u00e2neas ou hist\u00f3rico de queloide devem passar por avalia\u00e7\u00e3o preventiva.<\/p>\n<p>Antes da sess\u00e3o, recomenda-se evitar exposi\u00e7\u00e3o solar, n\u00e3o depilar com cera ou pin\u00e7a (o pelo precisa do fol\u00edculo) e manter a pele limpa. A cl\u00ednica dever\u00e1 fazer teste em \u00e1rea pequena quando houver d\u00favida sobre sensibilidade ou rea\u00e7\u00e3o do fototipo.<\/p>\n<h3>Quais cuidados p\u00f3s-procedimento garantem melhor resultado e menos efeitos colaterais?<\/h3>\n<p>Depois da sess\u00e3o, ele deve evitar exposi\u00e7\u00e3o direta ao sol, usar protetor solar de amplo espectro e roupas leves que n\u00e3o irritem a \u00e1rea tratada. Aplicar compressas frias e hidratantes indicados pelo profissional reduz vermelhid\u00e3o e desconforto.<\/p>\n<p>Evitar banhos muito quentes, sauna, piscinas cloradas e depila\u00e7\u00e3o mec\u00e2nica entre as sess\u00f5es ajuda a prevenir inflama\u00e7\u00f5es e pelos encravados. Seguir o cronograma de sess\u00f5es e as orienta\u00e7\u00f5es da cl\u00ednica otimiza a efic\u00e1cia do tratamento a laser.<\/p>\n<h3>Homens e mulheres t\u00eam resultados diferentes com a depila\u00e7\u00e3o a laser feminina\/masculina?<\/h3>\n<p>Em geral, ele observa que homens tendem a ter pelos mais grossos e densos, o que pode requerer mais sess\u00f5es ou ajustes de pot\u00eancia do aparelho; j\u00e1 mulheres podem responder rapidamente em \u00e1reas com pelos finos. No entanto, a efic\u00e1cia depende mais do contraste entre cor do pelo e da pele do que do g\u00eanero em si.<\/p>\n<p>Tecnologias modernas, como lasers de diodo e alexandrita, permitem tratar diferentes fototipos com seguran\u00e7a. A avalia\u00e7\u00e3o personalizada \u00e9 essencial para definir o melhor protocolo e o n\u00famero de sess\u00f5es para cada pessoa.<\/p>\n","protected":false},"excerpt":{"rendered":"<p>Depila\u00e7\u00e3o a laser: pele lisa hoje<br \/>\nDescubra m\u00e9todo comprovado para reduzir pelos em 90% e ganhar tempo com sess\u00f5es r\u00e1pidas.<br \/>\nAgende agora e comece j\u00e1.<\/p>\n","protected":false},"author":0,"featured_media":254,"comment_status":"open","ping_status":"open","sticky":false,"template":"","format":"standard","meta":{"footnotes":""},"categories":[12],"tags":[],"class_list":["post-253","post","type-post","status-publish","format-standard","has-post-thumbnail","hentry","category-marketing-para-beleza-e-estetica"],"_links":{"self":[{"href":"https:\/\/gruposeomkt.com.br\/blog\/wp-json\/wp\/v2\/posts\/253","targetHints":{"allow":["GET"]}}],"collection":[{"href":"https:\/\/gruposeomkt.com.br\/blog\/wp-json\/wp\/v2\/posts"}],"about":[{"href":"https:\/\/gruposeomkt.com.br\/blog\/wp-json\/wp\/v2\/types\/post"}],"replies":[{"embeddable":true,"href":"https:\/\/gruposeomkt.com.br\/blog\/wp-json\/wp\/v2\/comments?post=253"}],"version-history":[{"count":1,"href":"https:\/\/gruposeomkt.com.br\/blog\/wp-json\/wp\/v2\/posts\/253\/revisions"}],"predecessor-version":[{"id":1950,"href":"https:\/\/gruposeomkt.com.br\/blog\/wp-json\/wp\/v2\/posts\/253\/revisions\/1950"}],"wp:featuredmedia":[{"embeddable":true,"href":"https:\/\/gruposeomkt.com.br\/blog\/wp-json\/wp\/v2\/media\/254"}],"wp:attachment":[{"href":"https:\/\/gruposeomkt.com.br\/blog\/wp-json\/wp\/v2\/media?parent=253"}],"wp:term":[{"taxonomy":"category","embeddable":true,"href":"https:\/\/gruposeomkt.com.br\/blog\/wp-json\/wp\/v2\/categories?post=253"},{"taxonomy":"post_tag","embeddable":true,"href":"https:\/\/gruposeomkt.com.br\/blog\/wp-json\/wp\/v2\/tags?post=253"}],"curies":[{"name":"wp","href":"https:\/\/api.w.org\/{rel}","templated":true}]}}